{"id":45,"date":"2022-02-01T23:16:52","date_gmt":"2022-02-02T04:16:52","guid":{"rendered":"https:\/\/apunachi.org\/?p=45"},"modified":"2022-07-28T09:13:49","modified_gmt":"2022-07-28T14:13:49","slug":"apunachi-informa","status":"publish","type":"post","link":"https:\/\/apunachi.org\/index.php\/2022\/02\/01\/apunachi-informa\/","title":{"rendered":"APUNACHI Informa"},"content":{"rendered":"\n<h4 class=\"has-text-align-center wp-block-heading\" id=\"programa-radial-transmitido-todos-los-lunes-en-frecuencia-103-3-fm-radio-chiriqui-a-las-4-00-pm\">Programa radial, transmitido todos los lunes, en frecuencia 103.3 FM, Radio Chiriqu\u00ed, a las 4:00 PM.<\/h4>\n\n\n\n<p>El objetivo en mantener informada a la familia universitaria y sociedad en general, acerca del acontecer acad\u00e9mico, cient\u00edfico, cultural y social. <\/p>\n\n\n\n<p>A continuaci\u00f3n podr\u00e1 acceder a cada una de las transmisiones realizadas.<\/p>\n\n\n\n<p>Fecha: <strong>25-07-2022<\/strong><\/p>\n\n\n\n<figure class=\"wp-block-audio\"><audio controls src=\"https:\/\/apunachi.org\/wp-content\/uploads\/2022\/07\/radio20220725.mp3\"><\/audio><figcaption>Profesor <strong>Absel Navarro<\/strong><br>Nota de la APUNACHI y su aclaraci\u00f3n, respecto a al modificaci\u00f3n del art\u00edculo 36, de la ley 4 del 2006<\/figcaption><\/figure>\n\n\n\n<p>Fecha: <strong>18-07-2022<\/strong><\/p>\n\n\n\n<figure class=\"wp-block-audio\"><audio controls src=\"https:\/\/apunachi.org\/wp-content\/uploads\/2022\/07\/radio20220718.mp3\"><\/audio><figcaption>Profesora <strong>Lisseth Serrano<\/strong><br>Macrofauna en los manglares en Baco, Distrito de Bar\u00fa<\/figcaption><\/figure>\n\n\n\n<p>Fecha: <strong>11-07-2022<\/strong><\/p>\n\n\n\n<figure class=\"wp-block-audio\"><audio controls src=\"https:\/\/apunachi.org\/wp-content\/uploads\/2022\/07\/radio20220711.mp3\"><\/audio><figcaption>Profesor <strong>Erick Miranda<\/strong><br>Proyecto Verano TIC y su proyecci\u00f3n internacional<\/figcaption><\/figure>\n\n\n\n<p>Fecha: <strong>04-07-2022<\/strong><\/p>\n\n\n\n<figure class=\"wp-block-audio\"><audio controls src=\"https:\/\/apunachi.org\/wp-content\/uploads\/2022\/07\/radio20220704.mp3\"><\/audio><figcaption>Profesor <strong>Roberto Guevara<\/strong><br>La miel, l\u00ednea investigaci\u00f3n CIPNABIOT<\/figcaption><\/figure>\n\n\n\n<p>Fecha: <strong>27-06-2022<\/strong><\/p>\n\n\n\n<figure class=\"wp-block-audio\"><audio controls src=\"https:\/\/apunachi.org\/wp-content\/uploads\/2022\/07\/radio20220627.mp3\"><\/audio><figcaption>Profesora <strong>Ariadna Batista<\/strong><br>La maestr\u00eda en Ciencias Qu\u00edmicas y con Inocuidad Alimentaria<\/figcaption><\/figure>\n\n\n\n<p>Fecha: <strong>20-06-2022<\/strong><\/p>\n\n\n\n<figure class=\"wp-block-audio\"><audio controls src=\"https:\/\/apunachi.org\/wp-content\/uploads\/2022\/06\/radio20220620.mp3\"><\/audio><figcaption>Profesora <strong>Doris de Le\u00f3n<\/strong><br>Educaci\u00f3n ambiental y los efectos del cambio clim\u00e1tico<\/figcaption><\/figure>\n\n\n\n<p>Fecha: <strong>13-06-2022<\/strong><\/p>\n\n\n\n<figure class=\"wp-block-audio\"><audio controls src=\"https:\/\/apunachi.org\/wp-content\/uploads\/2022\/06\/radio20220612.mp3\"><\/audio><figcaption>Profesor <strong>Agzel Mar\u00edn<\/strong><br>Proyecto Manglares, en las provincias de Chiriqu\u00ed y Bocas Del Toro<\/figcaption><\/figure>\n\n\n\n<p>Fecha: <strong>06-06-2022<\/strong><\/p>\n\n\n\n<figure class=\"wp-block-audio\"><audio controls src=\"https:\/\/apunachi.org\/wp-content\/uploads\/2022\/06\/radio20220606.mp3\"><\/audio><figcaption>Profesora <strong>Silvia Gonz\u00e1lez<\/strong><br>Historia de Panam\u00e1 y Estados Unidos<\/figcaption><\/figure>\n\n\n\n<p>Fecha: <strong>23-05-2022<\/strong><\/p>\n\n\n\n<figure class=\"wp-block-audio\"><audio controls src=\"https:\/\/apunachi.org\/wp-content\/uploads\/2022\/06\/radio20220523.mp3\"><\/audio><figcaption>Lic. <strong>Miguel Vega<\/strong><br>Investigaci\u00f3n: Algas y micro algas de agua dulce<\/figcaption><\/figure>\n\n\n\n<p>Fecha: <strong>16-05-2022<\/strong><\/p>\n\n\n\n<figure class=\"wp-block-audio\"><audio controls src=\"https:\/\/apunachi.org\/wp-content\/uploads\/2022\/05\/radio20220516.mp3\"><\/audio><figcaption>Prof. <strong>Milvia de Vega<\/strong> y Prof. <strong>Doris De Le\u00f3n<\/strong><br>Problem\u00e1tica educativa en Panam\u00e1<\/figcaption><\/figure>\n\n\n\n<p>Fecha: <strong>09-05-0222<\/strong><\/p>\n\n\n\n<figure class=\"wp-block-audio\"><audio controls src=\"https:\/\/apunachi.org\/wp-content\/uploads\/2022\/05\/radio20220509.mp3\"><\/audio><figcaption>Prof. <strong>Cristian Nieto Guerra<\/strong><br>Proceso de reacreditaci\u00f3n en el que se encuentra la UNACHI y su importancia.<\/figcaption><\/figure>\n\n\n\n<p>Fecha: <strong>25-04-2022<\/strong><\/p>\n\n\n\n<figure class=\"wp-block-audio\"><audio controls src=\"https:\/\/apunachi.org\/wp-content\/uploads\/2022\/04\/radio20220425.mp3\"><\/audio><figcaption>Profesor <strong>Amilcar Avil\u00e9s<\/strong><br>El auge de las matem\u00e1ticas y la sociedad<\/figcaption><\/figure>\n\n\n\n<p>Fecha: <strong>18-04-2022<\/strong><\/p>\n\n\n\n<figure class=\"wp-block-audio\"><audio controls src=\"https:\/\/apunachi.org\/wp-content\/uploads\/2022\/04\/radio20220418.mp3\"><\/audio><figcaption>Profesores <strong>Mariana S\u00e1nchez y Yordi Aguirre<\/strong><br>Importancia de la comunicaci\u00f3n corporativa en nuestra sociedad<\/figcaption><\/figure>\n\n\n\n<p>Fecha: <strong>11-04-2022<\/strong><\/p>\n\n\n\n<figure class=\"wp-block-audio\"><audio controls src=\"https:\/\/apunachi.org\/wp-content\/uploads\/2022\/04\/radio20220411.mp3\"><\/audio><figcaption><strong>Prof. Luis Hervey<\/strong><br>Creaci\u00f3n de nueva carrera en Turismo<\/figcaption><\/figure>\n\n\n\n<p>Fecha: <strong>04-04-2022<\/strong><\/p>\n\n\n\n<figure class=\"wp-block-audio\"><audio controls src=\"https:\/\/apunachi.org\/wp-content\/uploads\/2022\/04\/radio20220404.mp3\"><\/audio><figcaption><strong>Prof. Doris de Le\u00f3n<\/strong><br>Informe convocatoria a Asamblea General<\/figcaption><\/figure>\n\n\n\n<p>Fecha: <strong>28-03-2022<\/strong><\/p>\n\n\n\n<figure class=\"wp-block-audio\"><audio controls src=\"https:\/\/apunachi.org\/wp-content\/uploads\/2022\/03\/radio20220328.mp3\"><\/audio><figcaption><strong>Dr. Bladimir Viquez<\/strong><br>Importancia de la investigaci\u00f3n, en la educaci\u00f3n universitaria<\/figcaption><\/figure>\n\n\n\n<p>Fecha: <strong>21-03-2022<\/strong><\/p>\n\n\n\n<figure class=\"wp-block-audio\"><audio controls src=\"https:\/\/apunachi.org\/wp-content\/uploads\/2022\/03\/radio20220321.mp3\"><\/audio><figcaption><strong>Prof. Silvia Gonz\u00e1lez<\/strong><br>C\u00f3digo de \u00c9tica<\/figcaption><\/figure>\n\n\n\n<p>Fecha: <strong>14-03-2022<\/strong><\/p>\n\n\n\n<figure class=\"wp-block-audio\"><audio controls src=\"https:\/\/apunachi.org\/wp-content\/uploads\/2022\/03\/radio20220314.mp3\"><\/audio><figcaption><strong>Prof. Alex Boyer<\/strong><br>Razones para afiliarte a un gremio educativo<\/figcaption><\/figure>\n\n\n\n<p>Fecha: <strong>07-03-2022<\/strong><\/p>\n\n\n\n<figure class=\"wp-block-audio\"><audio controls src=\"https:\/\/apunachi.org\/wp-content\/uploads\/2022\/03\/radio20220307.mp3\"><\/audio><figcaption><strong>Dr. Omero Penago Gonz\u00e1lez, dermat\u00f3logo<\/strong><\/figcaption><\/figure>\n\n\n\n<p>Fecha: <strong>21-02-2022<\/strong><\/p>\n\n\n\n<figure class=\"wp-block-audio\"><audio controls src=\"https:\/\/apunachi.org\/wp-content\/uploads\/2022\/03\/radio20220221.mp3\"><\/audio><figcaption><strong>Quehacer del docente universitario, desde la perspectiva del estudiante<\/strong><\/figcaption><\/figure>\n\n\n\n<p>Fecha: <strong>14-02-2022<\/strong><\/p>\n\n\n\n<figure class=\"wp-block-audio\"><audio controls src=\"https:\/\/apunachi.org\/wp-content\/uploads\/2022\/03\/radio20220214.mp3\"><\/audio><figcaption><strong>Participaci\u00f3n de APUNACHI en el 1er debate del proyecto de ley 756<\/strong><\/figcaption><\/figure>\n\n\n\n<p>Fecha: <strong>07-02-2022<\/strong><\/p>\n\n\n\n<figure class=\"wp-block-audio\"><audio controls src=\"https:\/\/apunachi.org\/wp-content\/uploads\/2022\/05\/radio20220207.mp3\"><\/audio><figcaption>Escritora <strong>Ilka V. Chav\u00e9z<\/strong><br>\u00bfPor qu\u00e9 es importante emprender?<\/figcaption><\/figure>\n\n\n\n<p>Fecha: <strong>31-01-2022<\/strong><\/p>\n\n\n\n<figure class=\"wp-block-audio\"><audio controls src=\"https:\/\/apunachi.org\/wp-content\/uploads\/2022\/02\/radio20220131.mp3\"><\/audio><figcaption><strong>Consejo Administrativo VS Respuesta del MEF<\/strong><\/figcaption><\/figure>\n\n\n\n<p>Fecha: <strong>24-01-2022<\/strong><\/p>\n\n\n\n<figure class=\"wp-block-audio\"><audio controls src=\"https:\/\/apunachi.org\/wp-content\/uploads\/2022\/02\/radio20220124.mp3\"><\/audio><figcaption><strong>Modificaci\u00f3n de la Ley 4 y la Autonom\u00eda Universitaria<\/strong><\/figcaption><\/figure>\n\n\n\n<p>Fecha: <strong>17-01-2022<\/strong><\/p>\n\n\n\n<figure class=\"wp-block-audio\"><audio controls src=\"https:\/\/apunachi.org\/wp-content\/uploads\/2022\/02\/radio20220117.mp3\"><\/audio><figcaption><strong>Ley 4, del 16 de enero de 2006, que Reorganiza la UNACHI<\/strong><\/figcaption><\/figure>\n","protected":false},"excerpt":{"rendered":"<p>Programa radial, transmitido todos los lunes, en frecuencia 103.3 FM, Radio Chiriqu\u00ed, a las 4:00 PM. El objetivo en mantener informada a la familia universitaria y sociedad en general, acerca del acontecer acad\u00e9mico, cient\u00edfico, cultural y social. A continuaci\u00f3n podr\u00e1 acceder a cada una de las transmisiones realizadas. Fecha: 25-07-2022 Fecha: 18-07-2022 Fecha: 11-07-2022 Fecha:&hellip; <a class=\"more-link\" href=\"https:\/\/apunachi.org\/index.php\/2022\/02\/01\/apunachi-informa\/\">Seguir leyendo <span class=\"screen-reader-text\">APUNACHI Informa<\/span><\/a><\/p>\n","protected":false},"author":1,"featured_media":51,"comment_status":"closed","ping_status":"open","sticky":true,"template":"","format":"standard","meta":{"footnotes":""},"categories":[5],"tags":[],"class_list":["post-45","post","type-post","status-publish","format-standard","has-post-thumbnail","hentry","category-docencia","entry"],"_links":{"self":[{"href":"https:\/\/apunachi.org\/index.php\/wp-json\/wp\/v2\/posts\/45","targetHints":{"allow":["GET"]}}],"collection":[{"href":"https:\/\/apunachi.org\/index.php\/wp-json\/wp\/v2\/posts"}],"about":[{"href":"https:\/\/apunachi.org\/index.php\/wp-json\/wp\/v2\/types\/post"}],"author":[{"embeddable":true,"href":"https:\/\/apunachi.org\/index.php\/wp-json\/wp\/v2\/users\/1"}],"replies":[{"embeddable":true,"href":"https:\/\/apunachi.org\/index.php\/wp-json\/wp\/v2\/comments?post=45"}],"version-history":[{"count":20,"href":"https:\/\/apunachi.org\/index.php\/wp-json\/wp\/v2\/posts\/45\/revisions"}],"predecessor-version":[{"id":129,"href":"https:\/\/apunachi.org\/index.php\/wp-json\/wp\/v2\/posts\/45\/revisions\/129"}],"wp:featuredmedia":[{"embeddable":true,"href":"https:\/\/apunachi.org\/index.php\/wp-json\/wp\/v2\/media\/51"}],"wp:attachment":[{"href":"https:\/\/apunachi.org\/index.php\/wp-json\/wp\/v2\/media?parent=45"}],"wp:term":[{"taxonomy":"category","embeddable":true,"href":"https:\/\/apunachi.org\/index.php\/wp-json\/wp\/v2\/categories?post=45"},{"taxonomy":"post_tag","embeddable":true,"href":"https:\/\/apunachi.org\/index.php\/wp-json\/wp\/v2\/tags?post=45"}],"curies":[{"name":"wp","href":"https:\/\/api.w.org\/{rel}","templated":true}]}}